{"id":489,"date":"2022-10-05T11:18:10","date_gmt":"2022-10-05T09:18:10","guid":{"rendered":"https:\/\/hazatalal.hu\/?p=489"},"modified":"2025-09-20T17:51:47","modified_gmt":"2025-09-20T15:51:47","slug":"tudnivalok-az-ukrajnai-haboru-elol-menekulok-szamara","status":"publish","type":"post","link":"https:\/\/www.hazatalal.hu\/en\/2022\/10\/05\/tudnivalok-az-ukrajnai-haboru-elol-menekulok-szamara\/","title":{"rendered":"Tudnival\u00f3k az ukrajnai h\u00e1bor\u00fa el\u0151l menek\u00fcl\u0151k sz\u00e1m\u00e1ra"},"content":{"rendered":"<div data-elementor-type=\"wp-post\" data-elementor-id=\"489\" class=\"elementor elementor-489\" data-elementor-post-type=\"post\">\n\t\t\t\t<div class=\"elementor-element elementor-element-1337720 e-flex e-con-boxed e-con e-parent\" data-id=\"1337720\" data-element_type=\"container\" data-e-type=\"container\">\n\t\t\t\t\t<div class=\"e-con-inner\">\n\t\t\t\t<div class=\"elementor-element elementor-element-adf134e elementor-widget elementor-widget-text-editor\" data-id=\"adf134e\" data-element_type=\"widget\" data-e-type=\"widget\" data-widget_type=\"text-editor.default\">\n\t\t\t\t<div class=\"elementor-widget-container\">\n\t\t\t\t\t\t\t\t\t<p>Ha \u00d6n az ukrajnai h\u00e1bor\u00fa el\u0151l menek\u00fcl, \u00e9s az Eur\u00f3pai Uni\u00f3ba utazik, fontos inform\u00e1ci\u00f3kat tal\u00e1l ezen az oldalon arr\u00f3l, hogy milyen jogok illetik meg az uni\u00f3s orsz\u00e1gok valamelyik\u00e9be t\u00f6rt\u00e9n\u0151 beutaz\u00e1ssal, az\u00a0\u00e1tmeneti v\u00e9delemre\u00a0val\u00f3 jogosults\u00e1ggal \u00e9s a nemzetk\u00f6zi v\u00e9delem k\u00e9relmez\u00e9s\u00e9vel, valamint az Eur\u00f3pai Uni\u00f3n bel\u00fcli utaz\u00e1ssal kapcsolatban.<\/p>\t\t\t\t\t\t\t\t<\/div>\n\t\t\t\t<\/div>\n\t\t\t\t<div class=\"elementor-element elementor-element-22c28bb elementor-widget elementor-widget-text-editor\" data-id=\"22c28bb\" data-element_type=\"widget\" data-e-type=\"widget\" data-widget_type=\"text-editor.default\">\n\t\t\t\t<div class=\"elementor-widget-container\">\n\t\t\t\t\t\t\t\t\t<p>Olvasson tov\u00e1bb <a href=\"https:\/\/eu-solidarity-ukraine.ec.europa.eu\/information-people-fleeing-war-ukraine_hu\" target=\"_blank\" rel=\"noopener nofollow\">itt<\/a>.<\/p>\t\t\t\t\t\t\t\t<\/div>\n\t\t\t\t<\/div>\n\t\t\t\t\t<\/div>\n\t\t\t\t<\/div>\n\t\t\t\t<\/div>","protected":false},"excerpt":{"rendered":"<p>Ha \u00d6n az ukrajnai h\u00e1bor\u00fa el\u0151l menek\u00fcl, \u00e9s az Eur\u00f3pai Uni\u00f3ba utazik, fontos inform\u00e1ci\u00f3kat tal\u00e1l ezen az oldalon arr\u00f3l, hogy milyen jogok&#8230;<\/p>","protected":false},"author":3,"featured_media":497,"comment_status":"closed","ping_status":"closed","sticky":false,"template":"","format":"standard","meta":{"footnotes":""},"categories":[1],"tags":[],"class_list":["post-489","post","type-post","status-publish","format-standard","has-post-thumbnail","hentry","category-uncategorized"],"_links":{"self":[{"href":"https:\/\/www.hazatalal.hu\/en\/wp-json\/wp\/v2\/posts\/489","targetHints":{"allow":["GET"]}}],"collection":[{"href":"https:\/\/www.hazatalal.hu\/en\/wp-json\/wp\/v2\/posts"}],"about":[{"href":"https:\/\/www.hazatalal.hu\/en\/wp-json\/wp\/v2\/types\/post"}],"author":[{"embeddable":true,"href":"https:\/\/www.hazatalal.hu\/en\/wp-json\/wp\/v2\/users\/3"}],"replies":[{"embeddable":true,"href":"https:\/\/www.hazatalal.hu\/en\/wp-json\/wp\/v2\/comments?post=489"}],"version-history":[{"count":11,"href":"https:\/\/www.hazatalal.hu\/en\/wp-json\/wp\/v2\/posts\/489\/revisions"}],"predecessor-version":[{"id":1186,"href":"https:\/\/www.hazatalal.hu\/en\/wp-json\/wp\/v2\/posts\/489\/revisions\/1186"}],"wp:featuredmedia":[{"embeddable":true,"href":"https:\/\/www.hazatalal.hu\/en\/wp-json\/wp\/v2\/media\/497"}],"wp:attachment":[{"href":"https:\/\/www.hazatalal.hu\/en\/wp-json\/wp\/v2\/media?parent=489"}],"wp:term":[{"taxonomy":"category","embeddable":true,"href":"https:\/\/www.hazatalal.hu\/en\/wp-json\/wp\/v2\/categories?post=489"},{"taxonomy":"post_tag","embeddable":true,"href":"https:\/\/www.hazatalal.hu\/en\/wp-json\/wp\/v2\/tags?post=489"}],"curies":[{"name":"wp","href":"https:\/\/api.w.org\/{rel}","templated":true}]}}